{"id":25471,"date":"2026-04-10T09:30:14","date_gmt":"2026-04-10T09:30:14","guid":{"rendered":"https:\/\/protect-lawyers.org\/bangladesh-des-avocats-arretes-poursuivis-apres-une-commemoration-pacifique\/"},"modified":"2026-04-16T08:24:00","modified_gmt":"2026-04-16T08:24:00","slug":"bangladesch-festgenommene-anwaelte-werden-nach-einer-friedlichen-gedenkveranstaltung-strafrechtlich-verfolgt","status":"publish","type":"post","link":"https:\/\/protect-lawyers.org\/de\/bangladesch-festgenommene-anwaelte-werden-nach-einer-friedlichen-gedenkveranstaltung-strafrechtlich-verfolgt\/","title":{"rendered":"Bangladesch: Festgenommene Anw\u00e4lte werden nach einer friedlichen Gedenkveranstaltung strafrechtlich verfolgt"},"content":{"rendered":"<h2>Bangladesch: Festgenommene Anw\u00e4lte werden nach einer friedlichen Gedenkveranstaltung strafrechtlich verfolgt<\/h2>\n<p><strong style=\"font-size: 15px;\">2 April 2026<\/strong><\/p>\n<p><strong>\u00a0<\/strong><\/p>\n<p><strong>Die Rechtsanw\u00e4lte Monish Kanti Dey und Mizanur Rahman wurden in der Nacht vom 26. M\u00e4rz 2026 in Sunamganj festgenommen. Sie werden im Rahmen eines Verfahrens verfolgt, das auf Grundlage der Antiterrorgesetzgebung eingeleitet wurde, gemeinsam mit zahlreichen weiteren bangladeschischen Anw\u00e4lten.<\/strong><\/p>\n<p>Diese Festnahmen erfolgten im Anschluss an eine am selben Tag anl\u00e4sslich des Unabh\u00e4ngigkeitstages organisierte Zeremonie. Anw\u00e4lte hatten sich im Gerichtsgeb\u00e4ude von Sunamganj versammelt, um der M\u00e4rtyrer zu gedenken und an einer zu diesem Anlass organisierten friedlichen Prozession teilzunehmen.<\/p>\n<p>Im Anschluss an dieses Ereignis wurde von einem Polizeibeamten eine Anzeige gegen 27 namentlich genannte Anw\u00e4lte (darunter Monish Kanti Dey und Mizanur Rahman) sowie gegen mehrere Dutzend nicht identifizierte Personen wegen \u201eStraftaten nach dem Antiterrorgesetz\u201c erstattet. Am Tag nach ihrer Festnahme wurden die Rechtsanw\u00e4lte Kanti Dey und Rahman einem Gericht vorgef\u00fchrt.<\/p>\n<p>Dieser Fall l\u00f6st gro\u00dfe Besorgnis innerhalb der Rechtsanwaltschaft und der Menschenrechtsorganisationen aus. Mehrere Stimmen prangern einen missbr\u00e4uchlichen Einsatz der Antiterrorgesetzgebung zur Unterdr\u00fcckung einer friedlichen Meinungs\u00e4u\u00dferung an.<\/p>\n<p>Die gegen Monish Kanti Dey, Mizanur Rahman und die betroffenen bangladeschischen Anw\u00e4lte eingeleiteten Verfahren werfen Fragen hinsichtlich der Achtung der Meinungsfreiheit und der friedlichen Versammlungsfreiheit auf, die jedoch durch die <a href=\"https:\/\/www.ohchr.org\/fr\/instruments-mechanisms\/instruments\/basic-principles-role-lawyers\" target=\"_blank\" rel=\"noopener\">Havanna-Grunds\u00e4tze<\/a> gesch\u00fctzt sind. Sie werfen zudem Fragen hinsichtlich des Schutzes der Anw\u00e4lte bei der Aus\u00fcbung ihrer T\u00e4tigkeit sowie der Wahrung der Rechtsstaatlichkeit auf.<\/p>\n<p>Das Observatorium <strong>erinnert Bangladesch an seine Verpflichtungen nach dem V\u00f6lkerrecht<\/strong>, vornehmlich an die vorgenannten <a href=\"https:\/\/www.ohchr.org\/fr\/instruments-mechanisms\/instruments\/basic-principles-role-lawyers\" target=\"_blank\" rel=\"noopener\"><strong>Havanna-Grunds\u00e4tze<\/strong><\/a>, wonach <em>\u00abRechtsanw\u00e4lte wie alle anderen B\u00fcrger Anspruch auf Meinungs-, Glaubens-, Vereinigungs- und Versammlungsfreiheit haben. Insbesondere haben sie das Recht, an \u00f6ffentlichen Diskussionen \u00fcber das Recht, die Rechtspflege sowie die F\u00f6rderung und den Schutz der Menschenrechte teilzunehmen, Organisationen auf lokaler, nationaler oder internationaler Ebene beizutreten oder zu gr\u00fcnden und an deren Versammlungen teilzunehmen, ohne aufgrund ihrer rechtm\u00e4\u00dfigen Handlungen oder ihrer Zugeh\u00f6rigkeit zu einer rechtm\u00e4\u00dfigen Organisation beruflichen Beschr\u00e4nkungen unterworfen zu werden\u00bb<\/em> (Grundsatz Nr. 23).<\/p>\n<p><strong>Das Observatorium<\/strong> <strong>erinnert ferner daran, dass<\/strong> gem\u00e4\u00df dem <a href=\"https:\/\/www.ohchr.org\/fr\/instruments-mechanisms\/instruments\/international-covenant-civil-and-political-rights\" target=\"_blank\" rel=\"noopener\"><strong>Internationalen Pakt \u00fcber b\u00fcrgerliche und politische Rechte<\/strong><\/a> (von Bangladesch im Jahr 2000 ratifiziert):<\/p>\n<ul>\n<li><em>\u00abJede Person hat das Recht auf freie Meinungs\u00e4u\u00dferung; dieses Recht umfasst die Freiheit, Informationen und Ideen jeder Art ohne R\u00fccksicht auf Grenzen in m\u00fcndlicher, schriftlicher, gedruckter oder k\u00fcnstlerischer Form oder durch jedes andere von ihr gew\u00e4hlte Mittel zu suchen, zu empfangen und zu verbreiten. Jede Person hat das Recht auf freie Meinungs\u00e4u\u00dferung und auf friedliche Versammlung\u00bb<\/em> (Artikel 19 \u00a72).<\/li>\n<li><em>\u00abDas Recht auf friedliche Versammlung wird anerkannt. (\u2026)\u00bb<\/em> (Artikel 21).<\/li>\n<\/ul>\n<p><strong>Das Observatorium fordert die bangladeschischen Beh\u00f6rden nachdr\u00fccklich auf<\/strong>, Monish Kanti Dey und Mizanur Rahman unverz\u00fcglich und bedingungslos freizulassen und die gegen die betroffenen Anw\u00e4lte eingeleiteten Verfahren einzustellen.<\/p>\n<p><strong>Das Observatorium<\/strong> <strong>ruft die bangladeschischen Beh\u00f6rden dazu auf<\/strong>, die gegen die Kollegen und Kolleginnen eingeleiteten Verfahren fallen zu lassen, die an der friedlichen Gedenkveranstaltung zum Unabh\u00e4ngigkeitstag von Bangladesch teilgenommen haben.<\/p>\n<p><strong>Das Observatorium<\/strong> <strong>\u00a0ruft den bangladeschischen Staat dazu auf<\/strong>, die Achtung der Grundrechte der betroffenen Anw\u00e4lte zu gew\u00e4hrleisten und sicherzustellen, dass die Antiterrorgesetzgebung nicht zur Einschr\u00e4nkung friedlicher Aktivit\u00e4ten eingesetzt wird.<\/p>\n","protected":false},"excerpt":{"rendered":"<p>Bangladesch: Festgenommene Anw\u00e4lte werden nach einer friedlichen Gedenkveranstaltung strafrechtlich verfolgt 2 April 2026 \u00a0 Die Rechtsanw\u00e4lte Monish Kanti Dey und Mizanur Rahman wurden in der Nacht vom 26. M\u00e4rz 2026 in Sunamganj festgenommen. Sie werden im Rahmen eines Verfahrens verfolgt, das auf Grundlage der Antiterrorgesetzgebung eingeleitet wurde, gemeinsam mit zahlreichen weiteren bangladeschischen Anw\u00e4lten. Diese Festnahmen [&hellip;]<\/p>\n","protected":false},"author":1,"featured_media":14179,"comment_status":"closed","ping_status":"closed","sticky":false,"template":"","format":"standard","meta":{"footnotes":""},"categories":[111],"tags":[],"class_list":["post-25471","post","type-post","status-publish","format-standard","has-post-thumbnail","hentry","category-nachrichten"],"_links":{"self":[{"href":"https:\/\/protect-lawyers.org\/de\/wp-json\/wp\/v2\/posts\/25471","targetHints":{"allow":["GET"]}}],"collection":[{"href":"https:\/\/protect-lawyers.org\/de\/wp-json\/wp\/v2\/posts"}],"about":[{"href":"https:\/\/protect-lawyers.org\/de\/wp-json\/wp\/v2\/types\/post"}],"author":[{"embeddable":true,"href":"https:\/\/protect-lawyers.org\/de\/wp-json\/wp\/v2\/users\/1"}],"replies":[{"embeddable":true,"href":"https:\/\/protect-lawyers.org\/de\/wp-json\/wp\/v2\/comments?post=25471"}],"version-history":[{"count":3,"href":"https:\/\/protect-lawyers.org\/de\/wp-json\/wp\/v2\/posts\/25471\/revisions"}],"predecessor-version":[{"id":25514,"href":"https:\/\/protect-lawyers.org\/de\/wp-json\/wp\/v2\/posts\/25471\/revisions\/25514"}],"wp:featuredmedia":[{"embeddable":true,"href":"https:\/\/protect-lawyers.org\/de\/wp-json\/wp\/v2\/media\/14179"}],"wp:attachment":[{"href":"https:\/\/protect-lawyers.org\/de\/wp-json\/wp\/v2\/media?parent=25471"}],"wp:term":[{"taxonomy":"category","embeddable":true,"href":"https:\/\/protect-lawyers.org\/de\/wp-json\/wp\/v2\/categories?post=25471"},{"taxonomy":"post_tag","embeddable":true,"href":"https:\/\/protect-lawyers.org\/de\/wp-json\/wp\/v2\/tags?post=25471"}],"curies":[{"name":"wp","href":"https:\/\/api.w.org\/{rel}","templated":true}]}}