{"id":26031,"date":"2026-06-16T12:41:59","date_gmt":"2026-06-16T12:41:59","guid":{"rendered":"https:\/\/protect-lawyers.org\/annonce-journee-internationale-du-proces-equitable-2026-hongrie\/"},"modified":"2026-08-07T10:54:33","modified_gmt":"2026-08-07T10:54:33","slug":"ankuendigung-internationaler-tag-des-fairen-verfahrens-2026-ungarn","status":"publish","type":"post","link":"https:\/\/protect-lawyers.org\/de\/ankuendigung-internationaler-tag-des-fairen-verfahrens-2026-ungarn\/","title":{"rendered":"Ank\u00fcndigung \/ Internationaler Tag des fairen Verfahrens 2026: Ungarn"},"content":{"rendered":"<p>Der Internationale Tag des fairen Verfahrens (International Fair Trial Day \u2013 IFTD) findet seit 2021 jedes Jahr am 14. Juni statt. Die Initiative wurde von einer Gruppe von Rechtsanw\u00e4lten sowie Anwaltsorganisationen ins Leben gerufen und wird von mehr als 100 juristischen Vereinigungen weltweit unterst\u00fctzt, die sich daf\u00fcr einsetzen, die entscheidende Bedeutung des Rechts auf ein faires Verfahren zu verteidigen und die wesentlichen Herausforderungen im Zusammenhang mit den Rechten auf ein ordnungsgem\u00e4\u00dfes Verfahren weltweit anzugehen. Mit der Entscheidung zur Einf\u00fchrung des IFTD wurde zugleich der Ebru-Timtik-Preis ins Leben gerufen.<\/p>\n<p>F\u00fcr das Schwerpunktland des IFTD in diesem Jahr gingen mehrere Bewerbungen ein. Nach Pr\u00fcfung der Vorschl\u00e4ge und zwei Abstimmungsrunden wurde <strong>Ungarn<\/strong> <strong>als Schwerpunktland f\u00fcr das Jahr 2026 <\/strong>ausgew\u00e4hlt \u2013 vor dem Hintergrund des fortschreitenden Abbaus demokratischer Institutionen und der allgemeinen Erosion der Demokratie im Land.<\/p>\n<p><strong>Merken Sie sich den Termin:<\/strong> Donnerstag, den <strong>18. Juni<\/strong>, in <strong>Budapest<\/strong> und online, zu einer <strong>Konferenz anl\u00e4sslich des Internationalen Tages des fairen Verfahrens.<\/strong><\/p>\n<p><strong>Aufruf zur Einreichung von Bewerbungen f\u00fcr den Ebru-Timtik-Preis<\/strong><\/p>\n<p>&nbsp;<\/p>\n<p><a href=\"https:\/\/protect-lawyers.org\/wp-content\/uploads\/IFTD-Hungary-announcement_EN.pdf\" target=\"_blank\" rel=\"noopener\"><strong><em>Lesen Sie die vollst\u00e4ndige Ank\u00fcndigung<\/em><\/strong><\/a><\/p>\n","protected":false},"excerpt":{"rendered":"<p>Der Internationale Tag des fairen Verfahrens (International Fair Trial Day \u2013 IFTD) findet seit 2021 jedes Jahr am 14. Juni statt. Die Initiative wurde von einer Gruppe von Rechtsanw\u00e4lten sowie Anwaltsorganisationen ins Leben gerufen und wird von mehr als 100 juristischen Vereinigungen weltweit unterst\u00fctzt, die sich daf\u00fcr einsetzen, die entscheidende Bedeutung des Rechts auf ein [&hellip;]<\/p>\n","protected":false},"author":1,"featured_media":26041,"comment_status":"closed","ping_status":"closed","sticky":false,"template":"","format":"standard","meta":{"footnotes":""},"categories":[111],"tags":[],"class_list":["post-26031","post","type-post","status-publish","format-standard","has-post-thumbnail","hentry","category-nachrichten"],"_links":{"self":[{"href":"https:\/\/protect-lawyers.org\/de\/wp-json\/wp\/v2\/posts\/26031","targetHints":{"allow":["GET"]}}],"collection":[{"href":"https:\/\/protect-lawyers.org\/de\/wp-json\/wp\/v2\/posts"}],"about":[{"href":"https:\/\/protect-lawyers.org\/de\/wp-json\/wp\/v2\/types\/post"}],"author":[{"embeddable":true,"href":"https:\/\/protect-lawyers.org\/de\/wp-json\/wp\/v2\/users\/1"}],"replies":[{"embeddable":true,"href":"https:\/\/protect-lawyers.org\/de\/wp-json\/wp\/v2\/comments?post=26031"}],"version-history":[{"count":2,"href":"https:\/\/protect-lawyers.org\/de\/wp-json\/wp\/v2\/posts\/26031\/revisions"}],"predecessor-version":[{"id":26503,"href":"https:\/\/protect-lawyers.org\/de\/wp-json\/wp\/v2\/posts\/26031\/revisions\/26503"}],"wp:featuredmedia":[{"embeddable":true,"href":"https:\/\/protect-lawyers.org\/de\/wp-json\/wp\/v2\/media\/26041"}],"wp:attachment":[{"href":"https:\/\/protect-lawyers.org\/de\/wp-json\/wp\/v2\/media?parent=26031"}],"wp:term":[{"taxonomy":"category","embeddable":true,"href":"https:\/\/protect-lawyers.org\/de\/wp-json\/wp\/v2\/categories?post=26031"},{"taxonomy":"post_tag","embeddable":true,"href":"https:\/\/protect-lawyers.org\/de\/wp-json\/wp\/v2\/tags?post=26031"}],"curies":[{"name":"wp","href":"https:\/\/api.w.org\/{rel}","templated":true}]}}