{"id":14790,"date":"2023-12-20T10:10:10","date_gmt":"2023-12-20T10:10:10","guid":{"rendered":"https:\/\/protect-lawyers.org\/edmond-claude-frety-represente-lobservatoire-a-loccasion-de-la-celebration-des-75-ans-de-la-dudh\/"},"modified":"2024-01-08T10:15:44","modified_gmt":"2024-01-08T10:15:44","slug":"edmond-claude-frety-representa-al-observatorio-en-la-celebracion-de-los-75-anos-de-la-dudh","status":"publish","type":"post","link":"https:\/\/protect-lawyers.org\/es\/edmond-claude-frety-representa-al-observatorio-en-la-celebracion-de-los-75-anos-de-la-dudh\/","title":{"rendered":"Edmond-Claude Frety representa al Observatorio en la celebraci\u00f3n de los 75 a\u00f1os de la DUDH"},"content":{"rendered":"<p><em><strong>El 7 de diciembre de 2023, Edmond-Claude Frety, Secretario General del Observatorio Internacional de la Abogac\u00eda en Riesgo, intervino en la celebraci\u00f3n del 75 aniversario de la Declaraci\u00f3n Universal de los Derechos Humanos, organizada por la American Bar Association y el Colegio de Abogados de Par\u00eds. Como representante del OIAD, Edmond-Claude destac\u00f3 la cr\u00edtica situaci\u00f3n del acceso a la justicia y del Estado de Derecho en Colombia.<\/strong><\/em><\/p>\n<p>La persistencia de la violencia y la falta de garant\u00edas de seguridad, la debilidad del sistema judicial y la falta de protecci\u00f3n y apoyo a los abogados y defensores de los derechos humanos son tres grandes obst\u00e1culos para un verdadero Estado de Derecho en Colombia, que fueron destacados en el informe de la VII Caravana Internacional de Juristas, en la que Edmond-Claude Frety particip\u00f3 junto con otros representantes del OIAD en agosto de 2022.<\/p>\n<p>18 delegados de diversas organizaciones no gubernamentales internacionales participaron en esta iniciativa, que trabaja incansablemente para promover el acceso a la justicia y mejorar el Estado de Derecho en un pa\u00eds con un contexto especialmente complejo. Lejos de ser un pa\u00eds en situaci\u00f3n de posconflicto, Colombia se enfrenta a grandes retos, como una corrupci\u00f3n end\u00e9mica y poderes incontrolados en ciertas regiones, como narcotraficantes y paramilitares.<\/p>\n<p>En Cartagena, los megaproyectos llevados a cabo por grandes empresas han tenido un impacto devastador en el medio ambiente y en la vida de los residentes locales, provocando ejecuciones, desplazamientos forzosos y un sentimiento de impotencia ante la situaci\u00f3n. Adil Mel\u00e9ndez, conocido abogado defensor de las comunidades afrocolombianas de esta regi\u00f3n, ha sobrevivido a varios intentos de asesinato y ha recibido innumerables amenazas de muerte por su trabajo.<\/p>\n<p>El Secretario General del OIAD se refiri\u00f3 al concepto de \u00abprevaricato\u00bb, una forma de condenar a un juez que toma una decisi\u00f3n considerada incompatible con la ley por el fiscal. Tambi\u00e9n se destacaron las atroces condiciones de las c\u00e1rceles colombianas.<\/p>\n<p>La vida de un abogado comprometido en Colombia se convierte en una b\u00fasqueda constante de su propia seguridad y la de sus clientes, en un Estado donde la protecci\u00f3n es insuficiente. A pesar de estos retos, la Caravana Internacional de Juristas persiste en su empe\u00f1o, trabajando con determinaci\u00f3n para concienciar sobre esta realidad y fomentar un cambio positivo en Colombia.<\/p>\n","protected":false},"excerpt":{"rendered":"<p>El 7 de diciembre de 2023, Edmond-Claude Frety, Secretario General del Observatorio Internacional de la Abogac\u00eda en Riesgo, intervino en la celebraci\u00f3n del 75 aniversario de la Declaraci\u00f3n Universal de los Derechos Humanos, organizada por la American Bar Association y el Colegio de Abogados de Par\u00eds. Como representante del OIAD, Edmond-Claude destac\u00f3 la cr\u00edtica situaci\u00f3n [&hellip;]<\/p>\n","protected":false},"author":1,"featured_media":14785,"comment_status":"closed","ping_status":"closed","sticky":false,"template":"","format":"standard","meta":{"footnotes":""},"categories":[108],"tags":[],"class_list":["post-14790","post","type-post","status-publish","format-standard","has-post-thumbnail","hentry","category-noticias"],"_links":{"self":[{"href":"https:\/\/protect-lawyers.org\/es\/wp-json\/wp\/v2\/posts\/14790","targetHints":{"allow":["GET"]}}],"collection":[{"href":"https:\/\/protect-lawyers.org\/es\/wp-json\/wp\/v2\/posts"}],"about":[{"href":"https:\/\/protect-lawyers.org\/es\/wp-json\/wp\/v2\/types\/post"}],"author":[{"embeddable":true,"href":"https:\/\/protect-lawyers.org\/es\/wp-json\/wp\/v2\/users\/1"}],"replies":[{"embeddable":true,"href":"https:\/\/protect-lawyers.org\/es\/wp-json\/wp\/v2\/comments?post=14790"}],"version-history":[{"count":2,"href":"https:\/\/protect-lawyers.org\/es\/wp-json\/wp\/v2\/posts\/14790\/revisions"}],"predecessor-version":[{"id":14795,"href":"https:\/\/protect-lawyers.org\/es\/wp-json\/wp\/v2\/posts\/14790\/revisions\/14795"}],"wp:featuredmedia":[{"embeddable":true,"href":"https:\/\/protect-lawyers.org\/es\/wp-json\/wp\/v2\/media\/14785"}],"wp:attachment":[{"href":"https:\/\/protect-lawyers.org\/es\/wp-json\/wp\/v2\/media?parent=14790"}],"wp:term":[{"taxonomy":"category","embeddable":true,"href":"https:\/\/protect-lawyers.org\/es\/wp-json\/wp\/v2\/categories?post=14790"},{"taxonomy":"post_tag","embeddable":true,"href":"https:\/\/protect-lawyers.org\/es\/wp-json\/wp\/v2\/tags?post=14790"}],"curies":[{"name":"wp","href":"https:\/\/api.w.org\/{rel}","templated":true}]}}