{"id":14961,"date":"2024-01-08T11:07:04","date_gmt":"2024-01-08T11:07:04","guid":{"rendered":"https:\/\/protect-lawyers.org\/2024-iran\/"},"modified":"2024-01-08T12:47:21","modified_gmt":"2024-01-08T12:47:21","slug":"2024-iran","status":"publish","type":"post","link":"https:\/\/protect-lawyers.org\/es\/2024-iran\/","title":{"rendered":"2024: Ir\u00e1n"},"content":{"rendered":"<p>El\u00a0<strong>24 de enero de 2024<\/strong>\u00a0se celebrar\u00e1 la\u00a0<strong>14\u00aa edici\u00f3n\u00a0<\/strong>del\u00a0<strong>D\u00eda Internacional de la Abogac\u00eda en Riesgo<\/strong>, dedicado a la\u00a0<strong>profesi\u00f3n de la abogac\u00eda en\u00a0Ir\u00e1n<\/strong>. Desde 2009, este D\u00eda Internacional se celebra el\u00a0<strong>24 de enero\u00a0<\/strong>en ciudades, pa\u00edses y continentes de todo el mundo. Este d\u00eda conmemora la \u00ab<strong>Matanza de Atocha<\/strong>\u00bb de 1977, en la que\u00a0<strong>fueron asesinados cuatro compa\u00f1eros\u00a0<\/strong>en Madrid, en la calle Atocha 55.<\/p>\n<p>Se trata de una oportunidad para llamar la atenci\u00f3n de la sociedad civil y de los poderes p\u00fablicos sobre las amenazas a las que se enfrentan los compa\u00f1eros y compa\u00f1eras iran\u00edes en el ejercicio de su profesi\u00f3n.\u00a0<strong>El Observatorio se moviliza con el lanzamiento de esta campa\u00f1a, \u00a1ay\u00fadanos a conseguir la m\u00e1xima repercusi\u00f3n!<\/strong><\/p>\n<p><img fetchpriority=\"high\" decoding=\"async\" class=\"alignnone wp-image-14962 size-full\" src=\"https:\/\/protect-lawyers.org\/wp-content\/uploads\/Banner-ES-1.jpeg\" alt=\"\" width=\"900\" height=\"200\" srcset=\"https:\/\/protect-lawyers.org\/wp-content\/uploads\/Banner-ES-1.jpeg 900w, https:\/\/protect-lawyers.org\/wp-content\/uploads\/Banner-ES-1-300x67.jpeg 300w, https:\/\/protect-lawyers.org\/wp-content\/uploads\/Banner-ES-1-768x171.jpeg 768w, https:\/\/protect-lawyers.org\/wp-content\/uploads\/Banner-ES-1-590x131.jpeg 590w, https:\/\/protect-lawyers.org\/wp-content\/uploads\/Banner-ES-1-577x128.jpeg 577w\" sizes=\"(max-width: 900px) 100vw, 900px\" \/><\/p>\n<p>&nbsp;<\/p>\n<p><strong><u>\u00bfPOR QU\u00c9 IR\u00c1N?<\/u><\/strong><\/p>\n<ul>\n<li><strong>38<\/strong>: el\u00a0<strong>n\u00famero de a\u00f1os<\/strong>\u00a0a los que Nasrin Sotoudeh fue condenada a\u00a0<strong>prisi\u00f3n<\/strong>\u00a0por defender los derechos humanos<\/li>\n<li><strong>+66:<\/strong>\u00a0es el\u00a0<strong>n\u00famero de profesionales de la abogac\u00eda defensora detenidos<\/strong>\u00a0por las fuerzas de seguridad iran\u00edes<\/li>\n<li><strong>+537<\/strong>: es el\u00a0<strong>n\u00famero de hombres y mujeres iran\u00edes asesinados<\/strong>\u00a0por las fuerzas de seguridad durante las manifestaciones.<\/li>\n<\/ul>\n<p><strong>Descubre m\u00e1s\u00a0<\/strong>sobre la situaci\u00f3n de la abogac\u00eda en<strong>\u00a0Ir\u00e1n consultando el\u00a0<u>DOCUMENTO INFORMATIVO<\/u>\u00a0del OIAD\u00a0<\/strong>disponible en farsi, franc\u00e9s, ingl\u00e9s, espa\u00f1ol, italiano y alem\u00e1n. Leyendo este documento, descubrir\u00e1<strong>\u00a0el contexto actual y la organizaci\u00f3n de la profesi\u00f3n de la abogac\u00eda en Ir\u00e1n, identificando el control ejercido por las autoridades sobre el Colegio de Abogados iran\u00ed y los ataques sufridos por los abogados especializados en la defensa de los derechos humanos.<\/strong><\/p>\n<p><em><strong>Descarga el documento informativo clicando sobre las banderas y dif\u00fandelo libremente:<\/strong><\/em><\/p>\n<p><a href=\"https:\/\/protect-lawyers.org\/wp-content\/uploads\/Brochure-OIAD-Iran_JM24-FR.pdf\" target=\"_blank\" rel=\"noopener\"><img decoding=\"async\" class=\"alignnone wp-image-14919\" src=\"https:\/\/protect-lawyers.org\/wp-content\/uploads\/\/bandera-francesa-300x175.jpg\" alt=\"\" width=\"81\" height=\"47\" srcset=\"https:\/\/protect-lawyers.org\/wp-content\/uploads\/bandera-francesa-300x175.jpg 300w, https:\/\/protect-lawyers.org\/wp-content\/uploads\/bandera-francesa-590x344.jpg 590w, https:\/\/protect-lawyers.org\/wp-content\/uploads\/bandera-francesa-577x336.jpg 577w, https:\/\/protect-lawyers.org\/wp-content\/uploads\/bandera-francesa.jpg 638w\" sizes=\"(max-width: 81px) 100vw, 81px\" \/><\/a>\u00a0 \u00a0 \u00a0 \u00a0 <a href=\"https:\/\/protect-lawyers.org\/wp-content\/uploads\/Brochure-OIAD-Iran_JM24-EN.pdf\" target=\"_blank\" rel=\"noopener\"><img decoding=\"async\" class=\"alignnone wp-image-14292\" src=\"https:\/\/protect-lawyers.org\/wp-content\/uploads\/\/Bandera_reino-unido_1-300x175.jpg\" alt=\"\" width=\"80\" height=\"47\" srcset=\"https:\/\/protect-lawyers.org\/wp-content\/uploads\/Bandera_reino-unido_1-300x175.jpg 300w, https:\/\/protect-lawyers.org\/wp-content\/uploads\/Bandera_reino-unido_1-590x344.jpg 590w, https:\/\/protect-lawyers.org\/wp-content\/uploads\/Bandera_reino-unido_1-577x336.jpg 577w, https:\/\/protect-lawyers.org\/wp-content\/uploads\/Bandera_reino-unido_1.jpg 638w\" sizes=\"(max-width: 80px) 100vw, 80px\" \/><\/a>\u00a0 \u00a0 \u00a0 \u00a0 <a href=\"https:\/\/protect-lawyers.org\/wp-content\/uploads\/Brochure-OIAD-Iran_JM24-ES.pdf\" target=\"_blank\" rel=\"noopener\"><img loading=\"lazy\" decoding=\"async\" class=\"alignnone wp-image-14925\" src=\"https:\/\/protect-lawyers.org\/wp-content\/uploads\/\/bandera-espana-300x175.jpg\" alt=\"\" width=\"81\" height=\"47\" srcset=\"https:\/\/protect-lawyers.org\/wp-content\/uploads\/bandera-espana-300x175.jpg 300w, https:\/\/protect-lawyers.org\/wp-content\/uploads\/bandera-espana-590x344.jpg 590w, https:\/\/protect-lawyers.org\/wp-content\/uploads\/bandera-espana-577x336.jpg 577w, https:\/\/protect-lawyers.org\/wp-content\/uploads\/bandera-espana.jpg 638w\" sizes=\"(max-width: 81px) 100vw, 81px\" \/><\/a>\u00a0 \u00a0 \u00a0 \u00a0 <a href=\"https:\/\/protect-lawyers.org\/wp-content\/uploads\/Brochure-OIAD-Iran_JM24-Farsi.pdf\" target=\"_blank\" rel=\"noopener\"><img loading=\"lazy\" decoding=\"async\" class=\"alignnone wp-image-14252\" src=\"https:\/\/protect-lawyers.org\/wp-content\/uploads\/\/Bandera_Iran_4-300x175.jpg\" alt=\"\" width=\"81\" height=\"47\" srcset=\"https:\/\/protect-lawyers.org\/wp-content\/uploads\/Bandera_Iran_4-300x175.jpg 300w, https:\/\/protect-lawyers.org\/wp-content\/uploads\/Bandera_Iran_4-590x344.jpg 590w, https:\/\/protect-lawyers.org\/wp-content\/uploads\/Bandera_Iran_4-577x336.jpg 577w, https:\/\/protect-lawyers.org\/wp-content\/uploads\/Bandera_Iran_4.jpg 638w\" sizes=\"(max-width: 81px) 100vw, 81px\" \/><\/a>\u00a0 \u00a0 \u00a0 \u00a0 <a href=\"https:\/\/protect-lawyers.org\/wp-content\/uploads\/Brochure-OIAD-Iran_JM24-IT.pdf\" target=\"_blank\" rel=\"noopener\"><img loading=\"lazy\" decoding=\"async\" class=\"alignnone wp-image-14935\" src=\"https:\/\/protect-lawyers.org\/wp-content\/uploads\/\/bandiera_italia-300x175.jpg\" alt=\"\" width=\"81\" height=\"47\" srcset=\"https:\/\/protect-lawyers.org\/wp-content\/uploads\/bandiera_italia-300x175.jpg 300w, https:\/\/protect-lawyers.org\/wp-content\/uploads\/bandiera_italia-590x344.jpg 590w, https:\/\/protect-lawyers.org\/wp-content\/uploads\/bandiera_italia-577x336.jpg 577w, https:\/\/protect-lawyers.org\/wp-content\/uploads\/bandiera_italia.jpg 638w\" sizes=\"(max-width: 81px) 100vw, 81px\" \/><\/a>\u00a0 \u00a0 \u00a0 \u00a0 <a href=\"https:\/\/protect-lawyers.org\/wp-content\/uploads\/Brochure-OIAD-Iran_JM24-AL.pdf\" target=\"_blank\" rel=\"noopener\"><img loading=\"lazy\" decoding=\"async\" class=\"alignnone wp-image-14930\" src=\"https:\/\/protect-lawyers.org\/wp-content\/uploads\/\/bandera-alemana-300x175.jpg\" alt=\"\" width=\"81\" height=\"47\" srcset=\"https:\/\/protect-lawyers.org\/wp-content\/uploads\/bandera-alemana-300x175.jpg 300w, https:\/\/protect-lawyers.org\/wp-content\/uploads\/bandera-alemana-590x344.jpg 590w, https:\/\/protect-lawyers.org\/wp-content\/uploads\/bandera-alemana-577x336.jpg 577w, https:\/\/protect-lawyers.org\/wp-content\/uploads\/bandera-alemana.jpg 638w\" sizes=\"(max-width: 81px) 100vw, 81px\" \/><\/a><\/p>\n<p>&nbsp;<\/p>\n<p><strong><u>\u00bfQU\u00c9 PUEDES HACER? \u00a1\u00danete a la movilizaci\u00f3n!<\/u><\/strong><\/p>\n<p>El Observatorio ha elaborado un\u00a0<strong><u>KIT DE MOVILIZACI\u00d3N<\/u><\/strong>\u00a0muy pr\u00e1ctico con ideas y materiales para pasar a la acci\u00f3n en apoyo de la abogac\u00eda iran\u00ed y dar difusi\u00f3n a este d\u00eda, disponible igualmente en varios idiomas.<\/p>\n<p><em><strong>Descarga el Kit de movilizaci\u00f3n clicando sobre las banderas:<\/strong><\/em><\/p>\n<p><a href=\"https:\/\/protect-lawyers.org\/wp-content\/uploads\/OIAD_KIT-DE-MOBILISATION-IRAN-JM24-FR.pdf\" target=\"_blank\" rel=\"noopener\"><img decoding=\"async\" class=\"alignnone wp-image-14919\" src=\"https:\/\/protect-lawyers.org\/wp-content\/uploads\/\/bandera-francesa-300x175.jpg\" alt=\"\" width=\"81\" height=\"47\" srcset=\"https:\/\/protect-lawyers.org\/wp-content\/uploads\/bandera-francesa-300x175.jpg 300w, https:\/\/protect-lawyers.org\/wp-content\/uploads\/bandera-francesa-590x344.jpg 590w, https:\/\/protect-lawyers.org\/wp-content\/uploads\/bandera-francesa-577x336.jpg 577w, https:\/\/protect-lawyers.org\/wp-content\/uploads\/bandera-francesa.jpg 638w\" sizes=\"(max-width: 81px) 100vw, 81px\" \/><\/a>\u00a0 \u00a0 \u00a0 \u00a0 <a href=\"https:\/\/protect-lawyers.org\/wp-content\/uploads\/OIAD_KIT-DE-MOBILISATION-IRAN-JM24-EN.pdf\" target=\"_blank\" rel=\"noopener\"><img decoding=\"async\" class=\"alignnone wp-image-14292\" src=\"https:\/\/protect-lawyers.org\/wp-content\/uploads\/\/Bandera_reino-unido_1-300x175.jpg\" alt=\"\" width=\"80\" height=\"47\" srcset=\"https:\/\/protect-lawyers.org\/wp-content\/uploads\/Bandera_reino-unido_1-300x175.jpg 300w, https:\/\/protect-lawyers.org\/wp-content\/uploads\/Bandera_reino-unido_1-590x344.jpg 590w, https:\/\/protect-lawyers.org\/wp-content\/uploads\/Bandera_reino-unido_1-577x336.jpg 577w, https:\/\/protect-lawyers.org\/wp-content\/uploads\/Bandera_reino-unido_1.jpg 638w\" sizes=\"(max-width: 80px) 100vw, 80px\" \/><\/a>\u00a0 \u00a0 \u00a0 \u00a0 <a href=\"https:\/\/protect-lawyers.org\/wp-content\/uploads\/OIAD_KIT-DE-MOBILISATION-IRAN-JM24-ES.pdf\" target=\"_blank\" rel=\"noopener\"><img loading=\"lazy\" decoding=\"async\" class=\"alignnone wp-image-14925\" src=\"https:\/\/protect-lawyers.org\/wp-content\/uploads\/\/bandera-espana-300x175.jpg\" alt=\"\" width=\"81\" height=\"47\" srcset=\"https:\/\/protect-lawyers.org\/wp-content\/uploads\/bandera-espana-300x175.jpg 300w, https:\/\/protect-lawyers.org\/wp-content\/uploads\/bandera-espana-590x344.jpg 590w, https:\/\/protect-lawyers.org\/wp-content\/uploads\/bandera-espana-577x336.jpg 577w, https:\/\/protect-lawyers.org\/wp-content\/uploads\/bandera-espana.jpg 638w\" sizes=\"(max-width: 81px) 100vw, 81px\" \/><\/a>\u00a0 \u00a0 \u00a0 \u00a0 <a href=\"https:\/\/protect-lawyers.org\/wp-content\/uploads\/OIAD_KIT-DE-MOBILISATION-IRAN-JM24-FARSI.pdf\" target=\"_blank\" rel=\"noopener\"><img loading=\"lazy\" decoding=\"async\" class=\"alignnone wp-image-14252\" src=\"https:\/\/protect-lawyers.org\/wp-content\/uploads\/\/Bandera_Iran_4-300x175.jpg\" alt=\"\" width=\"81\" height=\"47\" srcset=\"https:\/\/protect-lawyers.org\/wp-content\/uploads\/Bandera_Iran_4-300x175.jpg 300w, https:\/\/protect-lawyers.org\/wp-content\/uploads\/Bandera_Iran_4-590x344.jpg 590w, https:\/\/protect-lawyers.org\/wp-content\/uploads\/Bandera_Iran_4-577x336.jpg 577w, https:\/\/protect-lawyers.org\/wp-content\/uploads\/Bandera_Iran_4.jpg 638w\" sizes=\"(max-width: 81px) 100vw, 81px\" \/><\/a>\u00a0 \u00a0 \u00a0 \u00a0 <a href=\"https:\/\/protect-lawyers.org\/wp-content\/uploads\/OIAD-KIT-DE-MOBILISATION-IRAN-JM24-IT.pdf\" target=\"_blank\" rel=\"noopener\"><img loading=\"lazy\" decoding=\"async\" class=\"alignnone wp-image-14935\" src=\"https:\/\/protect-lawyers.org\/wp-content\/uploads\/\/bandiera_italia-300x175.jpg\" alt=\"\" width=\"81\" height=\"47\" srcset=\"https:\/\/protect-lawyers.org\/wp-content\/uploads\/bandiera_italia-300x175.jpg 300w, https:\/\/protect-lawyers.org\/wp-content\/uploads\/bandiera_italia-590x344.jpg 590w, https:\/\/protect-lawyers.org\/wp-content\/uploads\/bandiera_italia-577x336.jpg 577w, https:\/\/protect-lawyers.org\/wp-content\/uploads\/bandiera_italia.jpg 638w\" sizes=\"(max-width: 81px) 100vw, 81px\" \/><\/a>\u00a0 \u00a0 \u00a0 \u00a0 <a href=\"https:\/\/protect-lawyers.org\/wp-content\/uploads\/OIAD_KIT-DE-MOBILISATION-IRAN-JM24-AL.pdf\" target=\"_blank\" rel=\"noopener\"><img loading=\"lazy\" decoding=\"async\" class=\"alignnone wp-image-14930\" src=\"https:\/\/protect-lawyers.org\/wp-content\/uploads\/\/bandera-alemana-300x175.jpg\" alt=\"\" width=\"81\" height=\"47\" srcset=\"https:\/\/protect-lawyers.org\/wp-content\/uploads\/bandera-alemana-300x175.jpg 300w, https:\/\/protect-lawyers.org\/wp-content\/uploads\/bandera-alemana-590x344.jpg 590w, https:\/\/protect-lawyers.org\/wp-content\/uploads\/bandera-alemana-577x336.jpg 577w, https:\/\/protect-lawyers.org\/wp-content\/uploads\/bandera-alemana.jpg 638w\" sizes=\"(max-width: 81px) 100vw, 81px\" \/><\/a><\/p>\n<p>&nbsp;<\/p>\n","protected":false},"excerpt":{"rendered":"<p>El\u00a024 de enero de 2024\u00a0se celebrar\u00e1 la\u00a014\u00aa edici\u00f3n\u00a0del\u00a0D\u00eda Internacional de la Abogac\u00eda en Riesgo, dedicado a la\u00a0profesi\u00f3n de la abogac\u00eda en\u00a0Ir\u00e1n. Desde 2009, este D\u00eda Internacional se celebra el\u00a024 de enero\u00a0en ciudades, pa\u00edses y continentes de todo el mundo. Este d\u00eda conmemora la \u00abMatanza de Atocha\u00bb de 1977, en la que\u00a0fueron asesinados cuatro compa\u00f1eros\u00a0en Madrid, [&hellip;]<\/p>\n","protected":false},"author":1,"featured_media":14885,"comment_status":"closed","ping_status":"closed","sticky":false,"template":"","format":"standard","meta":{"footnotes":""},"categories":[1],"tags":[],"class_list":["post-14961","post","type-post","status-publish","format-standard","has-post-thumbnail","hentry","category-dia-mundial"],"_links":{"self":[{"href":"https:\/\/protect-lawyers.org\/es\/wp-json\/wp\/v2\/posts\/14961","targetHints":{"allow":["GET"]}}],"collection":[{"href":"https:\/\/protect-lawyers.org\/es\/wp-json\/wp\/v2\/posts"}],"about":[{"href":"https:\/\/protect-lawyers.org\/es\/wp-json\/wp\/v2\/types\/post"}],"author":[{"embeddable":true,"href":"https:\/\/protect-lawyers.org\/es\/wp-json\/wp\/v2\/users\/1"}],"replies":[{"embeddable":true,"href":"https:\/\/protect-lawyers.org\/es\/wp-json\/wp\/v2\/comments?post=14961"}],"version-history":[{"count":3,"href":"https:\/\/protect-lawyers.org\/es\/wp-json\/wp\/v2\/posts\/14961\/revisions"}],"predecessor-version":[{"id":14967,"href":"https:\/\/protect-lawyers.org\/es\/wp-json\/wp\/v2\/posts\/14961\/revisions\/14967"}],"wp:featuredmedia":[{"embeddable":true,"href":"https:\/\/protect-lawyers.org\/es\/wp-json\/wp\/v2\/media\/14885"}],"wp:attachment":[{"href":"https:\/\/protect-lawyers.org\/es\/wp-json\/wp\/v2\/media?parent=14961"}],"wp:term":[{"taxonomy":"category","embeddable":true,"href":"https:\/\/protect-lawyers.org\/es\/wp-json\/wp\/v2\/categories?post=14961"},{"taxonomy":"post_tag","embeddable":true,"href":"https:\/\/protect-lawyers.org\/es\/wp-json\/wp\/v2\/tags?post=14961"}],"curies":[{"name":"wp","href":"https:\/\/api.w.org\/{rel}","templated":true}]}}