{"id":17087,"date":"2024-02-29T16:08:33","date_gmt":"2024-02-29T16:08:33","guid":{"rendered":"https:\/\/protect-lawyers.org\/colombie-avant-premiere-et-table-ronde-autour-du-documentaire-de-lavocat-colombien-adil-melendez\/"},"modified":"2024-04-02T16:18:35","modified_gmt":"2024-04-02T16:18:35","slug":"colombia-preestreno-y-mesa-redonda-sobre-el-documental-del-abogado-colombiano-adil-melendez","status":"publish","type":"post","link":"https:\/\/protect-lawyers.org\/es\/colombia-preestreno-y-mesa-redonda-sobre-el-documental-del-abogado-colombiano-adil-melendez\/","title":{"rendered":"COLOMBIA: Preestreno y mesa redonda sobre el documental del abogado colombiano Adil Melendez"},"content":{"rendered":"<p>El Teatro del barrio acogi\u00f3 ayer d\u00eda 27 de febrero en Madrid el preestreno del documental \u201cDesterrados: Voces de Resistencia\u201d donde pudimos ver un resumen de lo que podr\u00e1 ser esta serie dedicada al trabajo y vida del abogado colombiano Adil Melendez.<\/p>\n<p>Este documental ha sido cofinanciado por el Observatorio internacional de la Abogac\u00eda en Riesgo como apoyo a la visibilizaci\u00f3n de la labor del abogado en defensa de los derechos de las comunidades afrocolombianas en la regi\u00f3n del Caribe.<\/p>\n<p>Tras la proyecci\u00f3n, tuvieron lugar varios paneles tem\u00e1ticos donde diversos expertos en materia de defensa de derechos humanos en Colombia analizaron el contexto sociopol\u00edtico y la situaci\u00f3n personal de seguridad de Adil Mel\u00e9ndez. Gonzalo S\u00e1enz en representaci\u00f3n del OIAD expuso el hist\u00f3rico de actuaciones que esta organizaci\u00f3n ha llevado a cabo en apoyo del abogado desde 2018.<\/p>\n<p>Recientemente, el abogado denunci\u00f3 que sus escoltas le hab\u00edan comunicado la retirada de su esquema de seguridad por parte de la Unidad Nacional de protecci\u00f3n (UNP)[1]. En consecuencia, el Observatorio se est\u00e1 movilizando para intentar aclarar la situaci\u00f3n y conseguir que el abogado pueda regresar a su pa\u00eds con garant\u00edas de seguridad.<\/p>\n<p>El abogado cerr\u00f3 el acto afirmando que \u201cDesde que empec\u00e9 mi lucha me he asegurado de tener un respaldo, siempre alguien detr\u00e1s que me apoye, en este caso las organizaciones internacionales. Una simple foto puede salvar una vida.\u201d<\/p>\n<p>&nbsp;<\/p>\n<p>&nbsp;<\/p>\n<p>[1] La Unidad Nacional de Protecci\u00f3n \u2013 UNP es la instituci\u00f3n colombiana encargada de identificar y gestionar medidas de prevenci\u00f3n y protecci\u00f3n para personas y comunidades en riesgo sobre su vida e integridad por el desarrollo de sus actividades.<\/p>\n","protected":false},"excerpt":{"rendered":"<p>El Teatro del barrio acogi\u00f3 ayer d\u00eda 27 de febrero en Madrid el preestreno del documental \u201cDesterrados: Voces de Resistencia\u201d donde pudimos ver un resumen de lo que podr\u00e1 ser esta serie dedicada al trabajo y vida del abogado colombiano Adil Melendez. Este documental ha sido cofinanciado por el Observatorio internacional de la Abogac\u00eda en [&hellip;]<\/p>\n","protected":false},"author":1,"featured_media":17082,"comment_status":"closed","ping_status":"closed","sticky":false,"template":"","format":"standard","meta":{"footnotes":""},"categories":[108],"tags":[],"class_list":["post-17087","post","type-post","status-publish","format-standard","has-post-thumbnail","hentry","category-noticias"],"_links":{"self":[{"href":"https:\/\/protect-lawyers.org\/es\/wp-json\/wp\/v2\/posts\/17087","targetHints":{"allow":["GET"]}}],"collection":[{"href":"https:\/\/protect-lawyers.org\/es\/wp-json\/wp\/v2\/posts"}],"about":[{"href":"https:\/\/protect-lawyers.org\/es\/wp-json\/wp\/v2\/types\/post"}],"author":[{"embeddable":true,"href":"https:\/\/protect-lawyers.org\/es\/wp-json\/wp\/v2\/users\/1"}],"replies":[{"embeddable":true,"href":"https:\/\/protect-lawyers.org\/es\/wp-json\/wp\/v2\/comments?post=17087"}],"version-history":[{"count":3,"href":"https:\/\/protect-lawyers.org\/es\/wp-json\/wp\/v2\/posts\/17087\/revisions"}],"predecessor-version":[{"id":17094,"href":"https:\/\/protect-lawyers.org\/es\/wp-json\/wp\/v2\/posts\/17087\/revisions\/17094"}],"wp:featuredmedia":[{"embeddable":true,"href":"https:\/\/protect-lawyers.org\/es\/wp-json\/wp\/v2\/media\/17082"}],"wp:attachment":[{"href":"https:\/\/protect-lawyers.org\/es\/wp-json\/wp\/v2\/media?parent=17087"}],"wp:term":[{"taxonomy":"category","embeddable":true,"href":"https:\/\/protect-lawyers.org\/es\/wp-json\/wp\/v2\/categories?post=17087"},{"taxonomy":"post_tag","embeddable":true,"href":"https:\/\/protect-lawyers.org\/es\/wp-json\/wp\/v2\/tags?post=17087"}],"curies":[{"name":"wp","href":"https:\/\/api.w.org\/{rel}","templated":true}]}}