{"id":20900,"date":"2024-11-20T16:31:40","date_gmt":"2024-11-20T16:31:40","guid":{"rendered":"https:\/\/protect-lawyers.org\/turquie-observation-des-audiences-de-betul-vangolu-kozagacli-et-seda-saraldi-et-visites-aux-avocats-behic-asci-oya-aslan-barkin-timtik-et-aytac-unsal-dans-les-prisons-de-silivri-et-edirne\/"},"modified":"2025-02-25T16:49:58","modified_gmt":"2025-02-25T16:49:58","slug":"turquia-observacion-de-las-audiencias-de-betul-vangolu-kozagacli-y-seda-saraldi-y-visitas-a-los-abogados-behic-asci-oya-aslan-barkin-timtik-y-aytac-unsal-en-las-carceles-de-silivri-y-edirne","status":"publish","type":"post","link":"https:\/\/protect-lawyers.org\/es\/turquia-observacion-de-las-audiencias-de-betul-vangolu-kozagacli-y-seda-saraldi-y-visitas-a-los-abogados-behic-asci-oya-aslan-barkin-timtik-y-aytac-unsal-en-las-carceles-de-silivri-y-edirne\/","title":{"rendered":"TURQU\u00cdA: Observaci\u00f3n de las audiencias de Bet\u00fcl Vang\u00f6l\u00fc Kozaga\u00e7l\u0131 y Seda \u015earald\u0131 y visitas a los abogados Behi\u00e7 A\u015f\u00e7\u0131, Oya Aslan, Bark\u0131n Timtik y Ayta\u00e7 \u00dcnsal, en las c\u00e1rceles de Silivri y Edirne"},"content":{"rendered":"<h4>Fecha del informe: noviembre de 2024<\/h4>\n<p>Barbara Porta (abogada del Colegio de Abogados de Tur\u00edn), \u00c9lise Arfi (abogada del Colegio de Abogados de Par\u00eds) y Antonio Fraticelli (abogado del Colegio de Abogados de Bolonia) visitaron Turqu\u00eda del 1 al 3 de octubre de 2024, para observar las audiencias de las abogadas de Turqu\u00eda Bet\u00fcl Vang\u00f6l\u00fc Kozaga\u00e7l\u0131 y Seda \u015earald\u0131.<\/p>\n<p>El Sr. Fraticelli tambi\u00e9n represent\u00f3 al OIAD durante las visitas a los abogados Behi\u00e7 A\u015f\u00e7\u0131, Oya Aslan, Bark\u0131n Timtik y Ayta\u00e7 \u00dcnsal, en las c\u00e1rceles de Silivri y Edirne.<\/p>\n<p><strong>Lea los informes de la misi\u00f3n:<\/strong><\/p>\n<p><strong>Observaci\u00f3n de las audiencias de Bet\u00fcl Vang\u00f6l\u00fc Kozaga\u00e7l\u0131 y Seda \u015earald\u0131:<\/strong><\/p>\n<p><a href=\"https:\/\/protect-lawyers.org\/wp-content\/uploads\/2024_11_OIAD_Rapport-mission-Betul-V-et-Seda-S-Turquie_sign-photos.pdf\" target=\"_blank\" rel=\"noopener\"><img decoding=\"async\" class=\"alignnone wp-image-7569 size-full\" src=\"https:\/\/protect-lawyers.org\/wp-content\/uploads\/bandera_francesa.jpg\" alt=\"\" width=\"81\" height=\"47\" \/><\/a><\/p>\n<p><strong>Visitas a los abogados Behi\u00e7 A\u015f\u00e7\u0131, Oya Aslan, Bark\u0131n Timtik y Ayta\u00e7 \u00dcnsal, en las c\u00e1rceles de Silivri y Edirne:<\/strong><\/p>\n<p><a href=\"https:\/\/protect-lawyers.org\/wp-content\/uploads\/2024_11_OIAD_Rapport-mission-visites-prison-Turquie.pdf\" target=\"_blank\" rel=\"noopener\"><img decoding=\"async\" class=\"alignnone wp-image-7569 size-full\" src=\"https:\/\/protect-lawyers.org\/wp-content\/uploads\/bandera_francesa.jpg\" alt=\"\" width=\"81\" height=\"47\" \/><\/a><\/p>\n","protected":false},"excerpt":{"rendered":"<p>Fecha del informe: noviembre de 2024 Barbara Porta (abogada del Colegio de Abogados de Tur\u00edn), \u00c9lise Arfi (abogada del Colegio de Abogados de Par\u00eds) y Antonio Fraticelli (abogado del Colegio de Abogados de Bolonia) visitaron Turqu\u00eda del 1 al 3 de octubre de 2024, para observar las audiencias de las abogadas de Turqu\u00eda Bet\u00fcl Vang\u00f6l\u00fc [&hellip;]<\/p>\n","protected":false},"author":1,"featured_media":20883,"comment_status":"closed","ping_status":"closed","sticky":false,"template":"","format":"standard","meta":{"footnotes":""},"categories":[103],"tags":[],"class_list":["post-20900","post","type-post","status-publish","format-standard","has-post-thumbnail","hentry","category-publicaciones"],"_links":{"self":[{"href":"https:\/\/protect-lawyers.org\/es\/wp-json\/wp\/v2\/posts\/20900","targetHints":{"allow":["GET"]}}],"collection":[{"href":"https:\/\/protect-lawyers.org\/es\/wp-json\/wp\/v2\/posts"}],"about":[{"href":"https:\/\/protect-lawyers.org\/es\/wp-json\/wp\/v2\/types\/post"}],"author":[{"embeddable":true,"href":"https:\/\/protect-lawyers.org\/es\/wp-json\/wp\/v2\/users\/1"}],"replies":[{"embeddable":true,"href":"https:\/\/protect-lawyers.org\/es\/wp-json\/wp\/v2\/comments?post=20900"}],"version-history":[{"count":1,"href":"https:\/\/protect-lawyers.org\/es\/wp-json\/wp\/v2\/posts\/20900\/revisions"}],"predecessor-version":[{"id":20901,"href":"https:\/\/protect-lawyers.org\/es\/wp-json\/wp\/v2\/posts\/20900\/revisions\/20901"}],"wp:featuredmedia":[{"embeddable":true,"href":"https:\/\/protect-lawyers.org\/es\/wp-json\/wp\/v2\/media\/20883"}],"wp:attachment":[{"href":"https:\/\/protect-lawyers.org\/es\/wp-json\/wp\/v2\/media?parent=20900"}],"wp:term":[{"taxonomy":"category","embeddable":true,"href":"https:\/\/protect-lawyers.org\/es\/wp-json\/wp\/v2\/categories?post=20900"},{"taxonomy":"post_tag","embeddable":true,"href":"https:\/\/protect-lawyers.org\/es\/wp-json\/wp\/v2\/tags?post=20900"}],"curies":[{"name":"wp","href":"https:\/\/api.w.org\/{rel}","templated":true}]}}