{"id":14989,"date":"2023-11-24T09:55:24","date_gmt":"2023-11-24T09:55:24","guid":{"rendered":"https:\/\/protect-lawyers.org\/turquie-loiad-demeure-mobilise-aux-cotes-des-confreres-poursuivis-et-emprisonnes-membres-de-lassociation-des-avocats-progressistes-chd\/"},"modified":"2024-01-09T09:59:48","modified_gmt":"2024-01-09T09:59:48","slug":"turchia-loiad-e-al-fianco-dei-colleghi-imprigionati-e-perseguiti-membri-dellassociazione-degli-avvocati-progressisti-chd","status":"publish","type":"post","link":"https:\/\/protect-lawyers.org\/it\/turchia-loiad-e-al-fianco-dei-colleghi-imprigionati-e-perseguiti-membri-dellassociazione-degli-avvocati-progressisti-chd\/","title":{"rendered":"TURCHIA: l\u2019OIAD \u00e8 al fianco dei colleghi imprigionati e perseguiti, membri dell\u2019Associazione degli avvocati progressisti (\u00c7HD)"},"content":{"rendered":"<p><em><strong>Antonio Fraticelli, avvocato del foro di Bologna, ha rappresentato l\u2019Osservatorio Internazionale per gli Avvocati in Pericolo a Istanbul, insieme ad altre 21 ONG e ordini forensi, per testimoniare la solidariet\u00e0 internazionale agli avvocati in Turchia che sono stati perseguiti, condannati e imprigionati per aver esercitato la loro professione.<\/strong><\/em><\/p>\n<p>I professionisti del diritto, e in particolare gli avvocati, sono soggetti a intimidazioni, detenzioni arbitrarie, processi iniqui, perfino torture a causa del loro impegno per i diritti umani.<\/p>\n<p>Dal 2013, l\u2019Osservatorio segue da vicino il processo a 22 avvocati aderenti all\u2019associazione degli avvocati progressisti \u00c7HD. Nel novembre 2022 sono state emesse pesanti sentenze contro questi avvocati.<\/p>\n<p>L\u2019Osservatorio continua a monitorare la situazione degli avvocati, in particolare di quelli attualmente detenuti: \u00e8 in questo contesto che sono state effettuate delle visite a nove avvocati membri di \u00c7HD, detenuti in quattro carceri diverse (tra il 5 novembre 2023 e il 10 novembre 2023). Oltre a queste visite in carcere, la missione aveva lo scopo l\u2019osservazione processuale di due udienze, quella dell\u2019 \u00d6HD (Associazione degli avvocati per la libert\u00e0) il 7 novembre 2023 e quella di G\u00fclhan Kaya, membro dell\u2019 \u00d6HD, il 9 novembre 2023.<\/p>\n<p>Le organizzazioni partecipanti hanno redatto un comunicato stampa congiunto che sottolinea la gravit\u00e0 della situazione. Gli avvocati, in particolare quelli aderenti a organizzazioni come l\u2019Associazione degli avvocati progressisti (\u00c7HD) e l\u2019Ufficio del diritto del popolo (HHB), sono presi di mira in modo specifico per la loro difesa dei diritti fondamentali. Le condizioni difficili includono detenzioni prolungate, processi iniqui, limiti al diritto di visita dei familiari e situazioni di isolamento.<\/p>\n<p>L\u2019Osservatorio internazionale per gli avvocati in pericolo continua a sollecitare il governo turco a porre fine a tutte le forme di intimidazione e persecuzione nei confronti degli avvocati, sottolineando l\u2019importanza di garantire l\u2019indipendenza della professione forense.<\/p>\n<p>Nel prosieguo di questa missione, l\u2019Osservatorio intende pubblicare un rapporto dettagliato sulla situazione degli avvocati in Turchia. L\u2019obiettivo di questo documento \u00e8 quello di chiedere il rispetto delle normative internazionali e dei diritti fondamentali, evidenziando gli ostacoli all\u2019esercizio della professione legale e la situazione dei colleghi che subiscono intimidazioni per via giudiziaria.<\/p>\n<p>L\u2019Osservatorio ringrazia calorosamente Antonio Fraticelli e tutte le organizzazioni rappresentate per il loro impegno nell\u2019interesse della professione e di una giustizia indipendente e imparziale.<\/p>\n","protected":false},"excerpt":{"rendered":"<p>Antonio Fraticelli, avvocato del foro di Bologna, ha rappresentato l\u2019Osservatorio Internazionale per gli Avvocati in Pericolo a Istanbul, insieme ad altre 21 ONG e ordini forensi, per testimoniare la solidariet\u00e0 internazionale agli avvocati in Turchia che sono stati perseguiti, condannati e imprigionati per aver esercitato la loro professione. I professionisti del diritto, e in particolare [&hellip;]<\/p>\n","protected":false},"author":1,"featured_media":9191,"comment_status":"closed","ping_status":"closed","sticky":false,"template":"","format":"standard","meta":{"footnotes":""},"categories":[112],"tags":[],"class_list":["post-14989","post","type-post","status-publish","format-standard","has-post-thumbnail","hentry","category-notizia"],"_links":{"self":[{"href":"https:\/\/protect-lawyers.org\/it\/wp-json\/wp\/v2\/posts\/14989","targetHints":{"allow":["GET"]}}],"collection":[{"href":"https:\/\/protect-lawyers.org\/it\/wp-json\/wp\/v2\/posts"}],"about":[{"href":"https:\/\/protect-lawyers.org\/it\/wp-json\/wp\/v2\/types\/post"}],"author":[{"embeddable":true,"href":"https:\/\/protect-lawyers.org\/it\/wp-json\/wp\/v2\/users\/1"}],"replies":[{"embeddable":true,"href":"https:\/\/protect-lawyers.org\/it\/wp-json\/wp\/v2\/comments?post=14989"}],"version-history":[{"count":2,"href":"https:\/\/protect-lawyers.org\/it\/wp-json\/wp\/v2\/posts\/14989\/revisions"}],"predecessor-version":[{"id":14997,"href":"https:\/\/protect-lawyers.org\/it\/wp-json\/wp\/v2\/posts\/14989\/revisions\/14997"}],"wp:featuredmedia":[{"embeddable":true,"href":"https:\/\/protect-lawyers.org\/it\/wp-json\/wp\/v2\/media\/9191"}],"wp:attachment":[{"href":"https:\/\/protect-lawyers.org\/it\/wp-json\/wp\/v2\/media?parent=14989"}],"wp:term":[{"taxonomy":"category","embeddable":true,"href":"https:\/\/protect-lawyers.org\/it\/wp-json\/wp\/v2\/categories?post=14989"},{"taxonomy":"post_tag","embeddable":true,"href":"https:\/\/protect-lawyers.org\/it\/wp-json\/wp\/v2\/tags?post=14989"}],"curies":[{"name":"wp","href":"https:\/\/api.w.org\/{rel}","templated":true}]}}