{"id":22022,"date":"2025-03-31T16:21:30","date_gmt":"2025-03-31T16:21:30","guid":{"rendered":"https:\/\/protect-lawyers.org\/formation-retour-sur-le-premier-atelier-de-formation-de-loiad-sur-la-securite-et-les-risques-psychosociaux\/"},"modified":"2025-03-31T16:21:30","modified_gmt":"2025-03-31T16:21:30","slug":"formation-retour-sur-le-premier-atelier-de-formation-de-loiad-sur-la-securite-et-les-risques-psychosociaux","status":"publish","type":"post","link":"https:\/\/protect-lawyers.org\/it\/formation-retour-sur-le-premier-atelier-de-formation-de-loiad-sur-la-securite-et-les-risques-psychosociaux\/","title":{"rendered":"FORMATION : Retour sur le premier atelier de formation de l&#8217;OIAD sur la s\u00e9curit\u00e9 et les risques psychosociaux"},"content":{"rendered":"<p>Le 13 mars 2025, l&#8217;Observatoire international des avocats en danger (OIAD) a organis\u00e9 un atelier de formation sur la s\u00e9curit\u00e9 et les risques psychosociaux \u00e0 l&#8217;intention des avocats hispanophones sp\u00e9cialis\u00e9s dans les droits humains. L\u2019atelier s&#8217;est tenu dans la salle d&#8217;assembl\u00e9e du Conseil g\u00e9n\u00e9ral des avocats espagnols (Consejo General de la Abogac\u00eda Espa\u00f1ola \u2013 CGAE) \u00e0 Madrid et a \u00e9t\u00e9 retransmis en direct sur Zoom.<\/p>\n<p>La formation a \u00e9t\u00e9 dispens\u00e9e par Arancha Garc\u00eda del Soto, psychologue sociale et docteur en sociologie, qui a partag\u00e9 des outils pour renforcer l&#8217;\u00a0\u00ab\u00a0autosoin\u00a0\u00bb et le soutien collectif parmi les professionnels du droit. Mme Garc\u00eda del Soto a soulign\u00e9 que le travail dans le domaine des droits humains exige un niveau \u00e9lev\u00e9 d&#8217;engagement et de conviction, ce qui peut conduire \u00e0 douter de sa propre valeur et de son efficacit\u00e9. Elle a soulign\u00e9 l&#8217;importance de d\u00e9velopper des strat\u00e9gies d&#8217;autogestion \u00e9motionnelle, telles que des techniques de relaxation, des activit\u00e9s dans la nature, la danse et la musique, ainsi que de favoriser le soutien mutuel et de construire des r\u00e9seaux avec des personnes qui comprennent la situation de vuln\u00e9rabilit\u00e9 et le besoin de bien-\u00eatre.<\/p>\n<p>Au cours de l&#8217;atelier, la m\u00e9thodologie de l&#8217;entretien \u00ab\u00a0<em>do no harm<\/em>\u00a0\u00bb avec les victimes de violations des droits humains a \u00e9galement \u00e9t\u00e9 abord\u00e9e. Mme Garc\u00eda del Soto a insist\u00e9 sur la n\u00e9cessit\u00e9 d&#8217;\u00e9couter attentivement l&#8217;impact de la violence sur les victimes, d&#8217;\u00e9viter de leur faire revivre leurs traumatismes en les aidant \u00e0 se concentrer sur le pr\u00e9sent. En outre, des outils d&#8217;autogestion \u00e9motionnelle, de travail en \u00e9quipe et de gestion du stress ont \u00e9t\u00e9 discut\u00e9s, dans le but de renforcer la capacit\u00e9 \u00e0 g\u00e9rer les situations critiques et de promouvoir la s\u00e9curit\u00e9 \u00e9motionnelle.<\/p>\n<p>Cet atelier r\u00e9pond \u00e0 l&#8217;identification des besoins des professionnels du droit qui sont confront\u00e9s \u00e0 des risques dans leur travail, r\u00e9affirmant l&#8217;engagement de l&#8217;OIAD en faveur de la protection et du bien-\u00eatre des avocats qui d\u00e9fendent les droits humains dans des environnements \u00e0 risque.<\/p>\n<p>Si vous n&#8217;avez pas pu participer \u00e0 l&#8217;\u00e9v\u00e9nement, n&#8217;h\u00e9sitez pas \u00e0 demander l&#8217;enregistrement et le mat\u00e9riel d&#8217;appui de la session en envoyant un courriel \u00e0 l&#8217;adresse suivante : <a href=\"mailto:contact@protect-lawyers.org\">contact@protect-lawyers.org<\/a>.<\/p>\n","protected":false},"excerpt":{"rendered":"<p>Le 13 mars 2025, l&#8217;Observatoire international des avocats en danger (OIAD) a organis\u00e9 un atelier de formation sur la s\u00e9curit\u00e9 et les risques psychosociaux \u00e0 l&#8217;intention des avocats hispanophones sp\u00e9cialis\u00e9s dans les droits humains. L\u2019atelier s&#8217;est tenu dans la salle d&#8217;assembl\u00e9e du Conseil g\u00e9n\u00e9ral des avocats espagnols (Consejo General de la Abogac\u00eda Espa\u00f1ola \u2013 CGAE) [&hellip;]<\/p>\n","protected":false},"author":5,"featured_media":22017,"comment_status":"closed","ping_status":"closed","sticky":false,"template":"","format":"standard","meta":{"footnotes":""},"categories":[112],"tags":[],"class_list":["post-22022","post","type-post","status-publish","format-standard","has-post-thumbnail","hentry","category-notizia"],"_links":{"self":[{"href":"https:\/\/protect-lawyers.org\/it\/wp-json\/wp\/v2\/posts\/22022","targetHints":{"allow":["GET"]}}],"collection":[{"href":"https:\/\/protect-lawyers.org\/it\/wp-json\/wp\/v2\/posts"}],"about":[{"href":"https:\/\/protect-lawyers.org\/it\/wp-json\/wp\/v2\/types\/post"}],"author":[{"embeddable":true,"href":"https:\/\/protect-lawyers.org\/it\/wp-json\/wp\/v2\/users\/5"}],"replies":[{"embeddable":true,"href":"https:\/\/protect-lawyers.org\/it\/wp-json\/wp\/v2\/comments?post=22022"}],"version-history":[{"count":0,"href":"https:\/\/protect-lawyers.org\/it\/wp-json\/wp\/v2\/posts\/22022\/revisions"}],"wp:featuredmedia":[{"embeddable":true,"href":"https:\/\/protect-lawyers.org\/it\/wp-json\/wp\/v2\/media\/22017"}],"wp:attachment":[{"href":"https:\/\/protect-lawyers.org\/it\/wp-json\/wp\/v2\/media?parent=22022"}],"wp:term":[{"taxonomy":"category","embeddable":true,"href":"https:\/\/protect-lawyers.org\/it\/wp-json\/wp\/v2\/categories?post=22022"},{"taxonomy":"post_tag","embeddable":true,"href":"https:\/\/protect-lawyers.org\/it\/wp-json\/wp\/v2\/tags?post=22022"}],"curies":[{"name":"wp","href":"https:\/\/api.w.org\/{rel}","templated":true}]}}